{"id":144,"date":"2015-02-12T16:39:11","date_gmt":"2015-02-12T15:39:11","guid":{"rendered":"http:\/\/www.egovap.com\/blog\/?p=144"},"modified":"2024-11-19T09:58:33","modified_gmt":"2024-11-19T08:58:33","slug":"les-aromes-concentres-epices-pour-creer-votre-e-liquide-hivernal","status":"publish","type":"post","link":"https:\/\/www.egovap.com\/blog\/les-aromes-concentres-epices-pour-creer-votre-e-liquide-hivernal\/","title":{"rendered":"Les ar\u00f4mes concentr\u00e9s \u00e9pic\u00e9s pour cr\u00e9er votre e-liquide hivernal !"},"content":{"rendered":"<p style=\"text-align: justify;\">L\u2019hiver vous semble long\u00a0? Pour que vos journ\u00e9es d\u2019hiver passent un peu plus vite, vous souhaitez vous lancer dans la fabrication de votre propre <strong>e-liquide<\/strong>\u00a0? C\u2019est une tr\u00e8s bonne id\u00e9e\u00a0! Et pour rester dans le th\u00e8me de l\u2019hiver, pourquoi ne pas choisir des ar\u00f4mes concentr\u00e9s \u00e9pic\u00e9s et rappelant cette belle saison froide\u00a0? D\u00e9couvrez notre s\u00e9lection du moment\u00a0:<\/p>\n<p style=\"text-align: justify;\"><!--more--><\/p>\n<h2 style=\"text-align: justify;\"><strong>L\u2019ar\u00f4me Miel d\u2019Inawera<\/strong><\/h2>\n<p style=\"text-align: justify;\">En hiver, lorsque l\u2019on a froid et que l\u2019on a l\u2019impression de tomber malade, il n\u2019y a rien de mieux que d\u2019avaler une bonne cuill\u00e8re de miel. Si ce rituel vous plait, pourquoi ne pas cr\u00e9er du e-liquide avec l\u2019ar\u00f4me miel d\u2019Inawera\u00a0!<\/p>\n<h2 style=\"text-align: justify;\"><strong>L\u2019ar\u00f4me Tabac Dark Fire de Wera Garden<\/strong><\/h2>\n<p style=\"text-align: justify;\">Se blottir dans un canap\u00e9 devant un bon feu de chemin\u00e9e, c\u2019est si agr\u00e9able lorsqu\u2019il neige dehors et cela vous rappelle votre enfance. Vapoter avec du e-liquide contenant l\u2019ar\u00f4me Tabac Dark Fire\u00a0 de Wera Garden vous rappellera ce beau souvenir de votre enfance\u00a0!<\/p>\n<h2 style=\"text-align: justify;\"><strong>L\u2019ar\u00f4me Chai Tea de Capella Flavors Drops<\/strong><\/h2>\n<p style=\"text-align: justify;\">Boire un bon chai tea en hiver, c\u2019est d\u00e9licieux\u00a0? Retrouvez toutes les nuances de ce breuvage dans votre e-liquide contenant l\u2019ar\u00f4me Chai Tai de Capella Flavors Drops\u00a0!<\/p>\n<h2 style=\"text-align: justify;\"><strong>L\u2019additif Clou de girofle de Solubarome<\/strong><\/h2>\n<p style=\"text-align: justify;\">Certains additifs permettent de donner une touche \u00e9pic\u00e9e tr\u00e8s int\u00e9ressante. C\u2019est par exemple le cas du clou de girofle de Solubarome\u00a0: \u00e0 tester de toute urgence\u00a0!<\/p>\n<p><span class='st_facebook' st_title='Les ar\u00f4mes concentr\u00e9s \u00e9pic\u00e9s pour cr\u00e9er votre e-liquide hivernal !' st_url='https:\/\/www.egovap.com\/blog\/les-aromes-concentres-epices-pour-creer-votre-e-liquide-hivernal\/'><\/span><span class='st_twitter' st_title='Les ar\u00f4mes concentr\u00e9s \u00e9pic\u00e9s pour cr\u00e9er votre e-liquide hivernal !' st_url='https:\/\/www.egovap.com\/blog\/les-aromes-concentres-epices-pour-creer-votre-e-liquide-hivernal\/'><\/span><span class='st_sharethis' st_title='Les ar\u00f4mes concentr\u00e9s \u00e9pic\u00e9s pour cr\u00e9er votre e-liquide hivernal !' st_url='https:\/\/www.egovap.com\/blog\/les-aromes-concentres-epices-pour-creer-votre-e-liquide-hivernal\/'><\/span><span class='st_fblike' st_title='Les ar\u00f4mes concentr\u00e9s \u00e9pic\u00e9s pour cr\u00e9er votre e-liquide hivernal !' st_url='https:\/\/www.egovap.com\/blog\/les-aromes-concentres-epices-pour-creer-votre-e-liquide-hivernal\/'><\/span><span class='st_plusone' st_title='Les ar\u00f4mes concentr\u00e9s \u00e9pic\u00e9s pour cr\u00e9er votre e-liquide hivernal !' st_url='https:\/\/www.egovap.com\/blog\/les-aromes-concentres-epices-pour-creer-votre-e-liquide-hivernal\/'><\/span><\/p>","protected":false},"excerpt":{"rendered":"<p>L\u2019hiver vous semble long\u00a0? Pour que vos journ\u00e9es d\u2019hiver passent un peu plus vite, vous souhaitez vous lancer dans la fabrication de votre propre e-liquide\u00a0? C\u2019est une tr\u00e8s bonne id\u00e9e\u00a0! Et pour rester dans le th\u00e8me de l\u2019hiver, pourquoi ne pas choisir des ar\u00f4mes concentr\u00e9s \u00e9pic\u00e9s et rappelant cette belle saison froide\u00a0? D\u00e9couvrez notre s\u00e9lection [&hellip;]<\/p>\n<p><span class='st_facebook' st_title='Les ar\u00f4mes concentr\u00e9s \u00e9pic\u00e9s pour cr\u00e9er votre e-liquide hivernal !' st_url='https:\/\/www.egovap.com\/blog\/les-aromes-concentres-epices-pour-creer-votre-e-liquide-hivernal\/'><\/span><span class='st_twitter' st_title='Les ar\u00f4mes concentr\u00e9s \u00e9pic\u00e9s pour cr\u00e9er votre e-liquide hivernal !' st_url='https:\/\/www.egovap.com\/blog\/les-aromes-concentres-epices-pour-creer-votre-e-liquide-hivernal\/'><\/span><span class='st_sharethis' st_title='Les ar\u00f4mes concentr\u00e9s \u00e9pic\u00e9s pour cr\u00e9er votre e-liquide hivernal !' st_url='https:\/\/www.egovap.com\/blog\/les-aromes-concentres-epices-pour-creer-votre-e-liquide-hivernal\/'><\/span><span class='st_fblike' st_title='Les ar\u00f4mes concentr\u00e9s \u00e9pic\u00e9s pour cr\u00e9er votre e-liquide hivernal !' st_url='https:\/\/www.egovap.com\/blog\/les-aromes-concentres-epices-pour-creer-votre-e-liquide-hivernal\/'><\/span><span class='st_plusone' st_title='Les ar\u00f4mes concentr\u00e9s \u00e9pic\u00e9s pour cr\u00e9er votre e-liquide hivernal !' st_url='https:\/\/www.egovap.com\/blog\/les-aromes-concentres-epices-pour-creer-votre-e-liquide-hivernal\/'><\/span><\/p>","protected":false},"author":8,"featured_media":0,"comment_status":"closed","ping_status":"closed","sticky":false,"template":"","format":"standard","meta":{"footnotes":""},"categories":[1],"tags":[44,41],"_links":{"self":[{"href":"https:\/\/www.egovap.com\/blog\/wp-json\/wp\/v2\/posts\/144"}],"collection":[{"href":"https:\/\/www.egovap.com\/blog\/wp-json\/wp\/v2\/posts"}],"about":[{"href":"https:\/\/www.egovap.com\/blog\/wp-json\/wp\/v2\/types\/post"}],"author":[{"embeddable":true,"href":"https:\/\/www.egovap.com\/blog\/wp-json\/wp\/v2\/users\/8"}],"replies":[{"embeddable":true,"href":"https:\/\/www.egovap.com\/blog\/wp-json\/wp\/v2\/comments?post=144"}],"version-history":[{"count":2,"href":"https:\/\/www.egovap.com\/blog\/wp-json\/wp\/v2\/posts\/144\/revisions"}],"predecessor-version":[{"id":1522,"href":"https:\/\/www.egovap.com\/blog\/wp-json\/wp\/v2\/posts\/144\/revisions\/1522"}],"wp:attachment":[{"href":"https:\/\/www.egovap.com\/blog\/wp-json\/wp\/v2\/media?parent=144"}],"wp:term":[{"taxonomy":"category","embeddable":true,"href":"https:\/\/www.egovap.com\/blog\/wp-json\/wp\/v2\/categories?post=144"},{"taxonomy":"post_tag","embeddable":true,"href":"https:\/\/www.egovap.com\/blog\/wp-json\/wp\/v2\/tags?post=144"}],"curies":[{"name":"wp","href":"https:\/\/api.w.org\/{rel}","templated":true}]}}