{"id":599,"date":"2017-06-17T09:38:23","date_gmt":"2017-06-17T08:38:23","guid":{"rendered":"http:\/\/www.egovap.com\/blog\/?p=599"},"modified":"2024-11-19T11:01:05","modified_gmt":"2024-11-19T10:01:05","slug":"les-francais-et-la-vape","status":"publish","type":"post","link":"https:\/\/www.egovap.com\/blog\/les-francais-et-la-vape\/","title":{"rendered":"Les Fran\u00e7ais et la vape"},"content":{"rendered":"<p>Alors que la cigarette \u00e9lectronique f\u00eate son dixi\u00e8me anniversaire cette ann\u00e9e, elle a d\u00e9j\u00e0 fait l\u2019objet de nombreuses \u00e9tudes pour conna\u00eetre ses effets sur notre sant\u00e9, sur son impact \u00e9ventuel sur le tabagisme en France, etc.<\/p>\n<p>Mais q<strong>uel rapport les Fran\u00e7ais entretiennent-ils avec la vape<\/strong> ? Y sont-ils oppos\u00e9s ? L\u2019acceptent-ils plus facilement ? Comment voient-ils cette nouvelle fa\u00e7on de fumer ?<br \/>\n<!--more--><\/p>\n<h2>E-cigarette et arr\u00eat du tabac<\/h2>\n<p>Entre 2014 et 2015, le nombre de vapoteurs qui fument \u00e9galement des cigarettes traditionnelles a baiss\u00e9 de 11%, passant de 82 \u00e0 71%. Cette propension du vapotage comme \u00e9l\u00e9ment d\u00e9clencheur pour arr\u00eater le tabac classique se confirme donc<br \/>\n.<br \/>\nAu m\u00eame moment, le nombre d&rsquo;anciens fumeurs qui sont pass\u00e9s du c\u00f4t\u00e9 des vapoteurs est pass\u00e9 \u00e0\u00a026% alors contre seulement 15% il y a encore deux ans.<\/p>\n<p>Cela pr\u00e9figure une certaine efficacit\u00e9 de\u00a0la cigarette \u00e9lectronique dans le processus de l\u2019arr\u00eat \u2013 m\u00eame momentan\u00e9 \u2013 du tabac.<\/p>\n<h2>A quoi ressemble le vapoteur fran\u00e7ais ?<\/h2>\n<p>En r\u00e8gle g\u00e9n\u00e9rale, le vapoteur fran\u00e7ais type est un homme de 40 ans environ, qui est salari\u00e9 dans le priv\u00e9 ou le public et qui se trouve \u00eatre un ancien fumeur.<\/p>\n<p>C\u2019est aussi quelqu\u2019un qui a commenc\u00e9 \u00e0 fumer relativement t\u00f4t (vers 16 ans) et qui avait l\u2019habitude de fumer jusqu\u2019\u00e0 un paquet de cigarettes traditionnelles par jour.<\/p>\n<p>C\u2019est aussi une personne qui a tent\u00e9 d\u2019arr\u00eater de fumer une ou deux fois dans sa vie.<br \/>\nAujourd\u2019hui, il s\u2019adonne \u00e0 l\u2019e-cigarette depuis moins de 3 ans en moyenne et a d\u00e9couvert cette nouvelle fa\u00e7on de fumer gr\u00e2ce \u00e0 des amis ou en surfant sur les sites Web.<\/p>\n<p>Pour lui, la vape est avant tout une question de sant\u00e9 car aucune solution de sevrage ne s\u2019est av\u00e9r\u00e9e efficace jusque-l\u00e0.<\/p>\n<p>Gr\u00e2ce \u00e0 la cigarette \u00e9lectronique, le consommateur-type a quasiment arr\u00eat\u00e9 sur-le-champ la cigarette traditionnelle, sans aucune aide m\u00e9dicale.<\/p>\n<p>En ce qui concerne la cigarette \u00e9lectronique en elle-m\u00eame, le Fran\u00e7ais vapoteur utilise un taux assez fiable pour son e-liquide et il souhaite diminuer continuellement le taux de nicotine.<br \/>\nEnfin, il choisit ses liquides et son mat\u00e9riel en France, dans les magasins ayant pignon sur rue ou sur Internet.<\/p>\n<h2>La vape et les Fran\u00e7ais non-fumeurs<\/h2>\n<p>Le taux de personnes qui se disaient non-fumeurs avant de franchir le cap de la cigarette \u00e9lectronique est \u00e0 peine de 1.30%. Sur ce faible taux, on remarque \u00e9galement qu\u2019un quart de ces individus n\u2019ont m\u00eame jamais approch\u00e9 une cigarette de leur vie ou tout autre produit issu du tabac.<\/p>\n<p>25% de non-fumeurs aujourd\u2019hui vapoteurs ont adopt\u00e9 cette fa\u00e7on de fumer par peur de tomber dans le tabagisme. La cigarette \u00e9lectronique est ainsi devenue un palliatif \u00e0 l\u2019envie du tabac classique.<\/p>\n<p><span class='st_facebook' st_title='Les Fran\u00e7ais et la vape' st_url='https:\/\/www.egovap.com\/blog\/les-francais-et-la-vape\/'><\/span><span class='st_twitter' st_title='Les Fran\u00e7ais et la vape' st_url='https:\/\/www.egovap.com\/blog\/les-francais-et-la-vape\/'><\/span><span class='st_sharethis' st_title='Les Fran\u00e7ais et la vape' st_url='https:\/\/www.egovap.com\/blog\/les-francais-et-la-vape\/'><\/span><span class='st_fblike' st_title='Les Fran\u00e7ais et la vape' st_url='https:\/\/www.egovap.com\/blog\/les-francais-et-la-vape\/'><\/span><span class='st_plusone' st_title='Les Fran\u00e7ais et la vape' st_url='https:\/\/www.egovap.com\/blog\/les-francais-et-la-vape\/'><\/span><\/p>","protected":false},"excerpt":{"rendered":"<p>Alors que la cigarette \u00e9lectronique f\u00eate son dixi\u00e8me anniversaire cette ann\u00e9e, elle a d\u00e9j\u00e0 fait l\u2019objet de nombreuses \u00e9tudes pour conna\u00eetre ses effets sur notre sant\u00e9, sur son impact \u00e9ventuel sur le tabagisme en France, etc. Mais quel rapport les Fran\u00e7ais entretiennent-ils avec la vape ? Y sont-ils oppos\u00e9s ? L\u2019acceptent-ils plus facilement ? Comment [&hellip;]<\/p>\n<p><span class='st_facebook' st_title='Les Fran\u00e7ais et la vape' st_url='https:\/\/www.egovap.com\/blog\/les-francais-et-la-vape\/'><\/span><span class='st_twitter' st_title='Les Fran\u00e7ais et la vape' st_url='https:\/\/www.egovap.com\/blog\/les-francais-et-la-vape\/'><\/span><span class='st_sharethis' st_title='Les Fran\u00e7ais et la vape' st_url='https:\/\/www.egovap.com\/blog\/les-francais-et-la-vape\/'><\/span><span class='st_fblike' st_title='Les Fran\u00e7ais et la vape' st_url='https:\/\/www.egovap.com\/blog\/les-francais-et-la-vape\/'><\/span><span class='st_plusone' st_title='Les Fran\u00e7ais et la vape' st_url='https:\/\/www.egovap.com\/blog\/les-francais-et-la-vape\/'><\/span><\/p>","protected":false},"author":8,"featured_media":0,"comment_status":"closed","ping_status":"closed","sticky":false,"template":"","format":"standard","meta":{"footnotes":""},"categories":[1],"tags":[],"_links":{"self":[{"href":"https:\/\/www.egovap.com\/blog\/wp-json\/wp\/v2\/posts\/599"}],"collection":[{"href":"https:\/\/www.egovap.com\/blog\/wp-json\/wp\/v2\/posts"}],"about":[{"href":"https:\/\/www.egovap.com\/blog\/wp-json\/wp\/v2\/types\/post"}],"author":[{"embeddable":true,"href":"https:\/\/www.egovap.com\/blog\/wp-json\/wp\/v2\/users\/8"}],"replies":[{"embeddable":true,"href":"https:\/\/www.egovap.com\/blog\/wp-json\/wp\/v2\/comments?post=599"}],"version-history":[{"count":3,"href":"https:\/\/www.egovap.com\/blog\/wp-json\/wp\/v2\/posts\/599\/revisions"}],"predecessor-version":[{"id":1595,"href":"https:\/\/www.egovap.com\/blog\/wp-json\/wp\/v2\/posts\/599\/revisions\/1595"}],"wp:attachment":[{"href":"https:\/\/www.egovap.com\/blog\/wp-json\/wp\/v2\/media?parent=599"}],"wp:term":[{"taxonomy":"category","embeddable":true,"href":"https:\/\/www.egovap.com\/blog\/wp-json\/wp\/v2\/categories?post=599"},{"taxonomy":"post_tag","embeddable":true,"href":"https:\/\/www.egovap.com\/blog\/wp-json\/wp\/v2\/tags?post=599"}],"curies":[{"name":"wp","href":"https:\/\/api.w.org\/{rel}","templated":true}]}}